{"id":722,"date":"2020-05-08T18:02:43","date_gmt":"2020-05-08T16:02:43","guid":{"rendered":"https:\/\/mosqueenogentsuroise.fr\/?p=722"},"modified":"2020-05-08T18:08:22","modified_gmt":"2020-05-08T16:08:22","slug":"08-mai-2020-sh-fayzal-valy-imam-et-enseignant-concentration-dans-la-priere","status":"publish","type":"post","link":"https:\/\/mosqueenogentsuroise.fr\/index.php\/2020\/05\/08\/08-mai-2020-sh-fayzal-valy-imam-et-enseignant-concentration-dans-la-priere\/","title":{"rendered":"08 mai 2020 &#8211; Sh Fayzal VALY &#8211; Imam et Enseignant &#8211; Concentration dans la pri\u00e8re"},"content":{"rendered":"\n<figure class=\"wp-block-embed-youtube wp-block-embed is-type-video is-provider-youtube wp-embed-aspect-16-9 wp-has-aspect-ratio\"><div class=\"wp-block-embed__wrapper\">\n<iframe loading=\"lazy\" title=\"Sheikh Fayzal Valy - La concentration dans la pri\u00e8re -  8 mai 2020\" width=\"840\" height=\"473\" src=\"https:\/\/www.youtube.com\/embed\/leXpAsVYxgE?feature=oembed\" frameborder=\"0\" allow=\"accelerometer; autoplay; encrypted-media; gyroscope; picture-in-picture\" allowfullscreen><\/iframe>\n<\/div><\/figure>\n","protected":false},"excerpt":{"rendered":"","protected":false},"author":1,"featured_media":723,"comment_status":"closed","ping_status":"closed","sticky":false,"template":"","format":"standard","meta":{"give_campaign_id":0,"_monsterinsights_skip_tracking":false,"_monsterinsights_sitenote_active":false,"_monsterinsights_sitenote_note":"","_monsterinsights_sitenote_category":0,"footnotes":""},"categories":[3],"tags":[],"class_list":["post-722","post","type-post","status-publish","format-standard","has-post-thumbnail","hentry","category-conferences-ramadan"],"yoast_head":"<!-- This site is optimized with the Yoast SEO plugin v27.5 - https:\/\/yoast.com\/product\/yoast-seo-wordpress\/ -->\n<title>08 mai 2020 - Sh Fayzal VALY - Imam et Enseignant - Concentration dans la pri\u00e8re - Mosqu\u00e9e de Nogent sur Oise<\/title>\n<meta name=\"robots\" content=\"index, follow, max-snippet:-1, max-image-preview:large, max-video-preview:-1\" \/>\n<link rel=\"canonical\" href=\"https:\/\/mosqueenogentsuroise.fr\/index.php\/2020\/05\/08\/08-mai-2020-sh-fayzal-valy-imam-et-enseignant-concentration-dans-la-priere\/\" \/>\n<meta property=\"og:locale\" content=\"fr_FR\" \/>\n<meta property=\"og:type\" content=\"article\" \/>\n<meta property=\"og:title\" content=\"08 mai 2020 - Sh Fayzal VALY - Imam et Enseignant - Concentration dans la pri\u00e8re - Mosqu\u00e9e de Nogent sur Oise\" \/>\n<meta property=\"og:url\" content=\"https:\/\/mosqueenogentsuroise.fr\/index.php\/2020\/05\/08\/08-mai-2020-sh-fayzal-valy-imam-et-enseignant-concentration-dans-la-priere\/\" \/>\n<meta property=\"og:site_name\" content=\"Mosqu\u00e9e de Nogent sur Oise\" \/>\n<meta property=\"article:published_time\" content=\"2020-05-08T16:02:43+00:00\" \/>\n<meta property=\"article:modified_time\" content=\"2020-05-08T16:08:22+00:00\" \/>\n<meta property=\"og:image\" content=\"https:\/\/mosqueenogentsuroise.fr\/wp-content\/uploads\/2020\/05\/Sheikh-Fayzal-Valy-8-mai-1024x1024.png\" \/>\n\t<meta property=\"og:image:width\" content=\"1024\" \/>\n\t<meta property=\"og:image:height\" content=\"1024\" \/>\n\t<meta property=\"og:image:type\" content=\"image\/png\" \/>\n<meta name=\"author\" content=\"Mosqu\u00e9e de Nogent-sur-Oise\" \/>\n<meta name=\"twitter:card\" content=\"summary_large_image\" \/>\n<meta name=\"twitter:label1\" content=\"\u00c9crit par\" \/>\n\t<meta name=\"twitter:data1\" content=\"Mosqu\u00e9e de Nogent-sur-Oise\" \/>\n<script type=\"application\/ld+json\" class=\"yoast-schema-graph\">{\"@context\":\"https:\\\/\\\/schema.org\",\"@graph\":[{\"@type\":\"Article\",\"@id\":\"https:\\\/\\\/mosqueenogentsuroise.fr\\\/index.php\\\/2020\\\/05\\\/08\\\/08-mai-2020-sh-fayzal-valy-imam-et-enseignant-concentration-dans-la-priere\\\/#article\",\"isPartOf\":{\"@id\":\"https:\\\/\\\/mosqueenogentsuroise.fr\\\/index.php\\\/2020\\\/05\\\/08\\\/08-mai-2020-sh-fayzal-valy-imam-et-enseignant-concentration-dans-la-priere\\\/\"},\"author\":{\"name\":\"Mosqu\u00e9e de Nogent-sur-Oise\",\"@id\":\"https:\\\/\\\/mosqueenogentsuroise.fr\\\/#\\\/schema\\\/person\\\/6840c5ea63b82cd1fedf02a9f3da40d7\"},\"headline\":\"08 mai 2020 &#8211; Sh Fayzal VALY &#8211; Imam et Enseignant &#8211; Concentration dans la pri\u00e8re\",\"datePublished\":\"2020-05-08T16:02:43+00:00\",\"dateModified\":\"2020-05-08T16:08:22+00:00\",\"mainEntityOfPage\":{\"@id\":\"https:\\\/\\\/mosqueenogentsuroise.fr\\\/index.php\\\/2020\\\/05\\\/08\\\/08-mai-2020-sh-fayzal-valy-imam-et-enseignant-concentration-dans-la-priere\\\/\"},\"wordCount\":19,\"image\":{\"@id\":\"https:\\\/\\\/mosqueenogentsuroise.fr\\\/index.php\\\/2020\\\/05\\\/08\\\/08-mai-2020-sh-fayzal-valy-imam-et-enseignant-concentration-dans-la-priere\\\/#primaryimage\"},\"thumbnailUrl\":\"https:\\\/\\\/mosqueenogentsuroise.fr\\\/wp-content\\\/uploads\\\/2020\\\/05\\\/Sheikh-Fayzal-Valy-8-mai.png\",\"articleSection\":[\"Conf\u00e9rences en ligne\"],\"inLanguage\":\"fr-FR\"},{\"@type\":\"WebPage\",\"@id\":\"https:\\\/\\\/mosqueenogentsuroise.fr\\\/index.php\\\/2020\\\/05\\\/08\\\/08-mai-2020-sh-fayzal-valy-imam-et-enseignant-concentration-dans-la-priere\\\/\",\"url\":\"https:\\\/\\\/mosqueenogentsuroise.fr\\\/index.php\\\/2020\\\/05\\\/08\\\/08-mai-2020-sh-fayzal-valy-imam-et-enseignant-concentration-dans-la-priere\\\/\",\"name\":\"08 mai 2020 - Sh Fayzal VALY - Imam et Enseignant - Concentration dans la pri\u00e8re - Mosqu\u00e9e de Nogent sur Oise\",\"isPartOf\":{\"@id\":\"https:\\\/\\\/mosqueenogentsuroise.fr\\\/#website\"},\"primaryImageOfPage\":{\"@id\":\"https:\\\/\\\/mosqueenogentsuroise.fr\\\/index.php\\\/2020\\\/05\\\/08\\\/08-mai-2020-sh-fayzal-valy-imam-et-enseignant-concentration-dans-la-priere\\\/#primaryimage\"},\"image\":{\"@id\":\"https:\\\/\\\/mosqueenogentsuroise.fr\\\/index.php\\\/2020\\\/05\\\/08\\\/08-mai-2020-sh-fayzal-valy-imam-et-enseignant-concentration-dans-la-priere\\\/#primaryimage\"},\"thumbnailUrl\":\"https:\\\/\\\/mosqueenogentsuroise.fr\\\/wp-content\\\/uploads\\\/2020\\\/05\\\/Sheikh-Fayzal-Valy-8-mai.png\",\"datePublished\":\"2020-05-08T16:02:43+00:00\",\"dateModified\":\"2020-05-08T16:08:22+00:00\",\"author\":{\"@id\":\"https:\\\/\\\/mosqueenogentsuroise.fr\\\/#\\\/schema\\\/person\\\/6840c5ea63b82cd1fedf02a9f3da40d7\"},\"breadcrumb\":{\"@id\":\"https:\\\/\\\/mosqueenogentsuroise.fr\\\/index.php\\\/2020\\\/05\\\/08\\\/08-mai-2020-sh-fayzal-valy-imam-et-enseignant-concentration-dans-la-priere\\\/#breadcrumb\"},\"inLanguage\":\"fr-FR\",\"potentialAction\":[{\"@type\":\"ReadAction\",\"target\":[\"https:\\\/\\\/mosqueenogentsuroise.fr\\\/index.php\\\/2020\\\/05\\\/08\\\/08-mai-2020-sh-fayzal-valy-imam-et-enseignant-concentration-dans-la-priere\\\/\"]}]},{\"@type\":\"ImageObject\",\"inLanguage\":\"fr-FR\",\"@id\":\"https:\\\/\\\/mosqueenogentsuroise.fr\\\/index.php\\\/2020\\\/05\\\/08\\\/08-mai-2020-sh-fayzal-valy-imam-et-enseignant-concentration-dans-la-priere\\\/#primaryimage\",\"url\":\"https:\\\/\\\/mosqueenogentsuroise.fr\\\/wp-content\\\/uploads\\\/2020\\\/05\\\/Sheikh-Fayzal-Valy-8-mai.png\",\"contentUrl\":\"https:\\\/\\\/mosqueenogentsuroise.fr\\\/wp-content\\\/uploads\\\/2020\\\/05\\\/Sheikh-Fayzal-Valy-8-mai.png\",\"width\":1654,\"height\":1654},{\"@type\":\"BreadcrumbList\",\"@id\":\"https:\\\/\\\/mosqueenogentsuroise.fr\\\/index.php\\\/2020\\\/05\\\/08\\\/08-mai-2020-sh-fayzal-valy-imam-et-enseignant-concentration-dans-la-priere\\\/#breadcrumb\",\"itemListElement\":[{\"@type\":\"ListItem\",\"position\":1,\"name\":\"Accueil\",\"item\":\"https:\\\/\\\/mosqueenogentsuroise.fr\\\/\"},{\"@type\":\"ListItem\",\"position\":2,\"name\":\"08 mai 2020 &#8211; Sh Fayzal VALY &#8211; Imam et Enseignant &#8211; Concentration dans la pri\u00e8re\"}]},{\"@type\":\"WebSite\",\"@id\":\"https:\\\/\\\/mosqueenogentsuroise.fr\\\/#website\",\"url\":\"https:\\\/\\\/mosqueenogentsuroise.fr\\\/\",\"name\":\"Mosqu\u00e9e de Nogent sur Oise\",\"description\":\"\",\"potentialAction\":[{\"@type\":\"SearchAction\",\"target\":{\"@type\":\"EntryPoint\",\"urlTemplate\":\"https:\\\/\\\/mosqueenogentsuroise.fr\\\/?s={search_term_string}\"},\"query-input\":{\"@type\":\"PropertyValueSpecification\",\"valueRequired\":true,\"valueName\":\"search_term_string\"}}],\"inLanguage\":\"fr-FR\"},{\"@type\":\"Person\",\"@id\":\"https:\\\/\\\/mosqueenogentsuroise.fr\\\/#\\\/schema\\\/person\\\/6840c5ea63b82cd1fedf02a9f3da40d7\",\"name\":\"Mosqu\u00e9e de Nogent-sur-Oise\",\"image\":{\"@type\":\"ImageObject\",\"inLanguage\":\"fr-FR\",\"@id\":\"https:\\\/\\\/secure.gravatar.com\\\/avatar\\\/e9d24385078ff1206f7a608564551b35c85d0a84b293e99f522e9a16af969cb8?s=96&d=mm&r=g\",\"url\":\"https:\\\/\\\/secure.gravatar.com\\\/avatar\\\/e9d24385078ff1206f7a608564551b35c85d0a84b293e99f522e9a16af969cb8?s=96&d=mm&r=g\",\"contentUrl\":\"https:\\\/\\\/secure.gravatar.com\\\/avatar\\\/e9d24385078ff1206f7a608564551b35c85d0a84b293e99f522e9a16af969cb8?s=96&d=mm&r=g\",\"caption\":\"Mosqu\u00e9e de Nogent-sur-Oise\"},\"url\":\"https:\\\/\\\/mosqueenogentsuroise.fr\\\/index.php\\\/author\\\/salemrab\\\/\"}]}<\/script>\n<!-- \/ Yoast SEO plugin. -->","yoast_head_json":{"title":"08 mai 2020 - Sh Fayzal VALY - Imam et Enseignant - Concentration dans la pri\u00e8re - Mosqu\u00e9e de Nogent sur Oise","robots":{"index":"index","follow":"follow","max-snippet":"max-snippet:-1","max-image-preview":"max-image-preview:large","max-video-preview":"max-video-preview:-1"},"canonical":"https:\/\/mosqueenogentsuroise.fr\/index.php\/2020\/05\/08\/08-mai-2020-sh-fayzal-valy-imam-et-enseignant-concentration-dans-la-priere\/","og_locale":"fr_FR","og_type":"article","og_title":"08 mai 2020 - Sh Fayzal VALY - Imam et Enseignant - Concentration dans la pri\u00e8re - Mosqu\u00e9e de Nogent sur Oise","og_url":"https:\/\/mosqueenogentsuroise.fr\/index.php\/2020\/05\/08\/08-mai-2020-sh-fayzal-valy-imam-et-enseignant-concentration-dans-la-priere\/","og_site_name":"Mosqu\u00e9e de Nogent sur Oise","article_published_time":"2020-05-08T16:02:43+00:00","article_modified_time":"2020-05-08T16:08:22+00:00","og_image":[{"width":1024,"height":1024,"url":"https:\/\/mosqueenogentsuroise.fr\/wp-content\/uploads\/2020\/05\/Sheikh-Fayzal-Valy-8-mai-1024x1024.png","type":"image\/png"}],"author":"Mosqu\u00e9e de Nogent-sur-Oise","twitter_card":"summary_large_image","twitter_misc":{"\u00c9crit par":"Mosqu\u00e9e de Nogent-sur-Oise"},"schema":{"@context":"https:\/\/schema.org","@graph":[{"@type":"Article","@id":"https:\/\/mosqueenogentsuroise.fr\/index.php\/2020\/05\/08\/08-mai-2020-sh-fayzal-valy-imam-et-enseignant-concentration-dans-la-priere\/#article","isPartOf":{"@id":"https:\/\/mosqueenogentsuroise.fr\/index.php\/2020\/05\/08\/08-mai-2020-sh-fayzal-valy-imam-et-enseignant-concentration-dans-la-priere\/"},"author":{"name":"Mosqu\u00e9e de Nogent-sur-Oise","@id":"https:\/\/mosqueenogentsuroise.fr\/#\/schema\/person\/6840c5ea63b82cd1fedf02a9f3da40d7"},"headline":"08 mai 2020 &#8211; Sh Fayzal VALY &#8211; Imam et Enseignant &#8211; Concentration dans la pri\u00e8re","datePublished":"2020-05-08T16:02:43+00:00","dateModified":"2020-05-08T16:08:22+00:00","mainEntityOfPage":{"@id":"https:\/\/mosqueenogentsuroise.fr\/index.php\/2020\/05\/08\/08-mai-2020-sh-fayzal-valy-imam-et-enseignant-concentration-dans-la-priere\/"},"wordCount":19,"image":{"@id":"https:\/\/mosqueenogentsuroise.fr\/index.php\/2020\/05\/08\/08-mai-2020-sh-fayzal-valy-imam-et-enseignant-concentration-dans-la-priere\/#primaryimage"},"thumbnailUrl":"https:\/\/mosqueenogentsuroise.fr\/wp-content\/uploads\/2020\/05\/Sheikh-Fayzal-Valy-8-mai.png","articleSection":["Conf\u00e9rences en ligne"],"inLanguage":"fr-FR"},{"@type":"WebPage","@id":"https:\/\/mosqueenogentsuroise.fr\/index.php\/2020\/05\/08\/08-mai-2020-sh-fayzal-valy-imam-et-enseignant-concentration-dans-la-priere\/","url":"https:\/\/mosqueenogentsuroise.fr\/index.php\/2020\/05\/08\/08-mai-2020-sh-fayzal-valy-imam-et-enseignant-concentration-dans-la-priere\/","name":"08 mai 2020 - Sh Fayzal VALY - Imam et Enseignant - Concentration dans la pri\u00e8re - Mosqu\u00e9e de Nogent sur Oise","isPartOf":{"@id":"https:\/\/mosqueenogentsuroise.fr\/#website"},"primaryImageOfPage":{"@id":"https:\/\/mosqueenogentsuroise.fr\/index.php\/2020\/05\/08\/08-mai-2020-sh-fayzal-valy-imam-et-enseignant-concentration-dans-la-priere\/#primaryimage"},"image":{"@id":"https:\/\/mosqueenogentsuroise.fr\/index.php\/2020\/05\/08\/08-mai-2020-sh-fayzal-valy-imam-et-enseignant-concentration-dans-la-priere\/#primaryimage"},"thumbnailUrl":"https:\/\/mosqueenogentsuroise.fr\/wp-content\/uploads\/2020\/05\/Sheikh-Fayzal-Valy-8-mai.png","datePublished":"2020-05-08T16:02:43+00:00","dateModified":"2020-05-08T16:08:22+00:00","author":{"@id":"https:\/\/mosqueenogentsuroise.fr\/#\/schema\/person\/6840c5ea63b82cd1fedf02a9f3da40d7"},"breadcrumb":{"@id":"https:\/\/mosqueenogentsuroise.fr\/index.php\/2020\/05\/08\/08-mai-2020-sh-fayzal-valy-imam-et-enseignant-concentration-dans-la-priere\/#breadcrumb"},"inLanguage":"fr-FR","potentialAction":[{"@type":"ReadAction","target":["https:\/\/mosqueenogentsuroise.fr\/index.php\/2020\/05\/08\/08-mai-2020-sh-fayzal-valy-imam-et-enseignant-concentration-dans-la-priere\/"]}]},{"@type":"ImageObject","inLanguage":"fr-FR","@id":"https:\/\/mosqueenogentsuroise.fr\/index.php\/2020\/05\/08\/08-mai-2020-sh-fayzal-valy-imam-et-enseignant-concentration-dans-la-priere\/#primaryimage","url":"https:\/\/mosqueenogentsuroise.fr\/wp-content\/uploads\/2020\/05\/Sheikh-Fayzal-Valy-8-mai.png","contentUrl":"https:\/\/mosqueenogentsuroise.fr\/wp-content\/uploads\/2020\/05\/Sheikh-Fayzal-Valy-8-mai.png","width":1654,"height":1654},{"@type":"BreadcrumbList","@id":"https:\/\/mosqueenogentsuroise.fr\/index.php\/2020\/05\/08\/08-mai-2020-sh-fayzal-valy-imam-et-enseignant-concentration-dans-la-priere\/#breadcrumb","itemListElement":[{"@type":"ListItem","position":1,"name":"Accueil","item":"https:\/\/mosqueenogentsuroise.fr\/"},{"@type":"ListItem","position":2,"name":"08 mai 2020 &#8211; Sh Fayzal VALY &#8211; Imam et Enseignant &#8211; Concentration dans la pri\u00e8re"}]},{"@type":"WebSite","@id":"https:\/\/mosqueenogentsuroise.fr\/#website","url":"https:\/\/mosqueenogentsuroise.fr\/","name":"Mosqu\u00e9e de Nogent sur Oise","description":"","potentialAction":[{"@type":"SearchAction","target":{"@type":"EntryPoint","urlTemplate":"https:\/\/mosqueenogentsuroise.fr\/?s={search_term_string}"},"query-input":{"@type":"PropertyValueSpecification","valueRequired":true,"valueName":"search_term_string"}}],"inLanguage":"fr-FR"},{"@type":"Person","@id":"https:\/\/mosqueenogentsuroise.fr\/#\/schema\/person\/6840c5ea63b82cd1fedf02a9f3da40d7","name":"Mosqu\u00e9e de Nogent-sur-Oise","image":{"@type":"ImageObject","inLanguage":"fr-FR","@id":"https:\/\/secure.gravatar.com\/avatar\/e9d24385078ff1206f7a608564551b35c85d0a84b293e99f522e9a16af969cb8?s=96&d=mm&r=g","url":"https:\/\/secure.gravatar.com\/avatar\/e9d24385078ff1206f7a608564551b35c85d0a84b293e99f522e9a16af969cb8?s=96&d=mm&r=g","contentUrl":"https:\/\/secure.gravatar.com\/avatar\/e9d24385078ff1206f7a608564551b35c85d0a84b293e99f522e9a16af969cb8?s=96&d=mm&r=g","caption":"Mosqu\u00e9e de Nogent-sur-Oise"},"url":"https:\/\/mosqueenogentsuroise.fr\/index.php\/author\/salemrab\/"}]}},"_links":{"self":[{"href":"https:\/\/mosqueenogentsuroise.fr\/index.php\/wp-json\/wp\/v2\/posts\/722","targetHints":{"allow":["GET"]}}],"collection":[{"href":"https:\/\/mosqueenogentsuroise.fr\/index.php\/wp-json\/wp\/v2\/posts"}],"about":[{"href":"https:\/\/mosqueenogentsuroise.fr\/index.php\/wp-json\/wp\/v2\/types\/post"}],"author":[{"embeddable":true,"href":"https:\/\/mosqueenogentsuroise.fr\/index.php\/wp-json\/wp\/v2\/users\/1"}],"replies":[{"embeddable":true,"href":"https:\/\/mosqueenogentsuroise.fr\/index.php\/wp-json\/wp\/v2\/comments?post=722"}],"version-history":[{"count":1,"href":"https:\/\/mosqueenogentsuroise.fr\/index.php\/wp-json\/wp\/v2\/posts\/722\/revisions"}],"predecessor-version":[{"id":724,"href":"https:\/\/mosqueenogentsuroise.fr\/index.php\/wp-json\/wp\/v2\/posts\/722\/revisions\/724"}],"wp:featuredmedia":[{"embeddable":true,"href":"https:\/\/mosqueenogentsuroise.fr\/index.php\/wp-json\/wp\/v2\/media\/723"}],"wp:attachment":[{"href":"https:\/\/mosqueenogentsuroise.fr\/index.php\/wp-json\/wp\/v2\/media?parent=722"}],"wp:term":[{"taxonomy":"category","embeddable":true,"href":"https:\/\/mosqueenogentsuroise.fr\/index.php\/wp-json\/wp\/v2\/categories?post=722"},{"taxonomy":"post_tag","embeddable":true,"href":"https:\/\/mosqueenogentsuroise.fr\/index.php\/wp-json\/wp\/v2\/tags?post=722"}],"curies":[{"name":"wp","href":"https:\/\/api.w.org\/{rel}","templated":true}]}}